{"id":1068,"date":"2018-10-04T19:45:09","date_gmt":"2018-10-04T17:45:09","guid":{"rendered":"http:\/\/comitefetesmeteren.fr\/?p=1068"},"modified":"2018-12-04T18:51:50","modified_gmt":"2018-12-04T17:51:50","slug":"les-journees-du-patrimoine-2018","status":"publish","type":"post","link":"https:\/\/comitefetesmeteren.fr\/index.php\/2018\/10\/04\/les-journees-du-patrimoine-2018\/","title":{"rendered":"Les journ\u00e9es du patrimoine 2018"},"content":{"rendered":"<p>les journ\u00e9es du patrimoine se sont d\u00e9roul\u00e9es \u00e0 la ferme Gombert rue vyverput \u00e0 M\u00e9t\u00e9ren<\/p>\n<p>Sous le beau soleil de Meteren , les b\u00e9n\u00e9voles ont accueilli une foule nombreuse ( plus de 800 personnes) venue d\u00e9couvrir la cueillette du houblon.<\/p>\n<p>Grace a des visites guid\u00e9es, l\u2019ensemble de nos visiteurs ont \u00e9t\u00e9 conquis et \u00e9bahi par le travail \u00e0 effectuer lors d&rsquo;une cueillette du houblon.<\/p>\n<p>L&rsquo;harmonie municipale a \u00e9gay\u00e9 les champs de houblon ainsi que la boule flamande m\u00e9terenoise.<\/p>\n<p>Une restauration faite par \u00ab\u00a0au fil du couteau\u00a0\u00bb et une animation d&rsquo;Eric DURIEZ digne de qualit\u00e9 ont permis \u00e0 tous nos visiteurs de partager ce moment fort agr\u00e9able.<\/p>\n<p>Une ballade en poney apr\u00e8s un bon jus de pomme de la ferme HERREMAN ont fini de restaurer l&rsquo;ensemble des visiteurs.<\/p>\n<p>Une v\u00e9ritable journ\u00e9e du patrimoine sous le signe de la tradition et des producteurs et acteurs locaux!<\/p>\n<p>Vous pouvez retrouver toutes les photos dans la galerie des journ\u00e9es du patrimoine<\/p>\n<p>Vivement l&rsquo;ann\u00e9e prochaine et encore merci \u00e0 la ferme GOMBERT pour l&rsquo;acceuil de cette fabuleuse journ\u00e9e !<\/p>\nngg_shortcode_0_placeholder\n","protected":false},"excerpt":{"rendered":"<p>les journ\u00e9es du patrimoine se sont d\u00e9roul\u00e9es \u00e0 la ferme Gombert rue vyverput \u00e0 M\u00e9t\u00e9ren Sous le beau soleil de Meteren , les&#8230;<\/p>\n","protected":false},"author":1,"featured_media":1069,"comment_status":"closed","ping_status":"open","sticky":false,"template":"","format":"standard","meta":{"_uag_custom_page_level_css":"","ngg_post_thumbnail":0,"footnotes":""},"categories":[34],"tags":[],"uagb_featured_image_src":{"full":["https:\/\/comitefetesmeteren.fr\/wp-content\/uploads\/ngg_featured\/Jep-ceuilleurs-2018.jpg",861,485,false],"thumbnail":["https:\/\/comitefetesmeteren.fr\/wp-content\/uploads\/ngg_featured\/Jep-ceuilleurs-2018-150x150.jpg",150,150,true],"medium":["https:\/\/comitefetesmeteren.fr\/wp-content\/uploads\/ngg_featured\/Jep-ceuilleurs-2018-300x169.jpg",300,169,true],"medium_large":["https:\/\/comitefetesmeteren.fr\/wp-content\/uploads\/ngg_featured\/Jep-ceuilleurs-2018-768x433.jpg",640,361,true],"large":["https:\/\/comitefetesmeteren.fr\/wp-content\/uploads\/ngg_featured\/Jep-ceuilleurs-2018.jpg",640,361,false],"1536x1536":["https:\/\/comitefetesmeteren.fr\/wp-content\/uploads\/ngg_featured\/Jep-ceuilleurs-2018.jpg",861,485,false],"2048x2048":["https:\/\/comitefetesmeteren.fr\/wp-content\/uploads\/ngg_featured\/Jep-ceuilleurs-2018.jpg",861,485,false],"synapse-sq-thumb":["https:\/\/comitefetesmeteren.fr\/wp-content\/uploads\/ngg_featured\/Jep-ceuilleurs-2018-600x485.jpg",600,485,true],"synapse-overlap-thumb":["https:\/\/comitefetesmeteren.fr\/wp-content\/uploads\/ngg_featured\/Jep-ceuilleurs-2018-670x400.jpg",670,400,true],"synapse-thumb":["https:\/\/comitefetesmeteren.fr\/wp-content\/uploads\/ngg_featured\/Jep-ceuilleurs-2018-540x450.jpg",540,450,true],"synapse-pop-thumb":["https:\/\/comitefetesmeteren.fr\/wp-content\/uploads\/ngg_featured\/Jep-ceuilleurs-2018-542x340.jpg",542,340,true]},"uagb_author_info":{"display_name":"Admin","author_link":"https:\/\/comitefetesmeteren.fr\/index.php\/author\/stephanie\/"},"uagb_comment_info":0,"uagb_excerpt":"les journ\u00e9es du patrimoine se sont d\u00e9roul\u00e9es \u00e0 la ferme Gombert rue vyverput \u00e0 M\u00e9t\u00e9ren Sous le beau soleil de Meteren , les...","post_mailing_queue_ids":[],"_links":{"self":[{"href":"https:\/\/comitefetesmeteren.fr\/index.php\/wp-json\/wp\/v2\/posts\/1068"}],"collection":[{"href":"https:\/\/comitefetesmeteren.fr\/index.php\/wp-json\/wp\/v2\/posts"}],"about":[{"href":"https:\/\/comitefetesmeteren.fr\/index.php\/wp-json\/wp\/v2\/types\/post"}],"author":[{"embeddable":true,"href":"https:\/\/comitefetesmeteren.fr\/index.php\/wp-json\/wp\/v2\/users\/1"}],"replies":[{"embeddable":true,"href":"https:\/\/comitefetesmeteren.fr\/index.php\/wp-json\/wp\/v2\/comments?post=1068"}],"version-history":[{"count":5,"href":"https:\/\/comitefetesmeteren.fr\/index.php\/wp-json\/wp\/v2\/posts\/1068\/revisions"}],"predecessor-version":[{"id":1205,"href":"https:\/\/comitefetesmeteren.fr\/index.php\/wp-json\/wp\/v2\/posts\/1068\/revisions\/1205"}],"wp:featuredmedia":[{"embeddable":true,"href":"https:\/\/comitefetesmeteren.fr\/index.php\/wp-json\/wp\/v2\/media\/1069"}],"wp:attachment":[{"href":"https:\/\/comitefetesmeteren.fr\/index.php\/wp-json\/wp\/v2\/media?parent=1068"}],"wp:term":[{"taxonomy":"category","embeddable":true,"href":"https:\/\/comitefetesmeteren.fr\/index.php\/wp-json\/wp\/v2\/categories?post=1068"},{"taxonomy":"post_tag","embeddable":true,"href":"https:\/\/comitefetesmeteren.fr\/index.php\/wp-json\/wp\/v2\/tags?post=1068"}],"curies":[{"name":"wp","href":"https:\/\/api.w.org\/{rel}","templated":true}]}}