{"id":1844,"date":"2019-08-19T22:12:56","date_gmt":"2019-08-19T20:12:56","guid":{"rendered":"http:\/\/comitefetesmeteren.fr\/?p=1844"},"modified":"2019-08-19T22:12:57","modified_gmt":"2019-08-19T20:12:57","slug":"autour-du-verger-journee-du-patrimoine-2019","status":"publish","type":"post","link":"https:\/\/comitefetesmeteren.fr\/index.php\/2019\/08\/19\/autour-du-verger-journee-du-patrimoine-2019\/","title":{"rendered":"AUTOUR DU VERGER  Journ\u00e9e du Patrimoine 2019"},"content":{"rendered":"\n<p>Le 21 SEPTEMBRE 2019 sera une journ\u00e9e plac\u00e9e sous le signe du patrimoine agricole et traditionnel<\/p>\n\n\n\n<p>Le comit\u00e9 des f\u00eates et l&rsquo;association Atout jeune en collaboration avec des associations M\u00e9terenoises vous propose de d\u00e9couvrir la culture de la pomme au sein de la fermeHERREMAN 494 rue du doulieu \u00e0 Meteren avec :<br>&#8211; La visite guid\u00e9e et les explications sur la culture du verger<br>&#8211; Bar et restauration<br>&#8211; Harmonie Municipale<br>&#8211; Ambiance Musicale<br>&#8211; March\u00e9 des producteurs<br>&#8211; Animaux de la ferme<br>&#8211; Jeu de piste dans le verger<br>&#8211; Balade en poney<br>&#8211; Piscine de paille<br>&#8211; Vieux tracteurs<br>&#8211; Animations<\/p>\n\n\n\n<p>Pour venir en famille ou entre amis. En plus il fera beau !<\/p>\n\n\n\n<p>Parking sur place<\/p>\n\n\n\n<p><\/p>\n","protected":false},"excerpt":{"rendered":"<p>Le 21 SEPTEMBRE 2019 sera une journ\u00e9e plac\u00e9e sous le signe du patrimoine agricole et traditionnel Le comit\u00e9 des f\u00eates et l&rsquo;association Atout&#8230;<\/p>\n","protected":false},"author":1,"featured_media":1851,"comment_status":"open","ping_status":"open","sticky":false,"template":"","format":"aside","meta":{"_uag_custom_page_level_css":"","ngg_post_thumbnail":0,"footnotes":""},"categories":[24],"tags":[],"uagb_featured_image_src":{"full":["https:\/\/comitefetesmeteren.fr\/wp-content\/uploads\/2019\/08\/verger.jpg",200,200,false],"thumbnail":["https:\/\/comitefetesmeteren.fr\/wp-content\/uploads\/2019\/08\/verger-150x150.jpg",150,150,true],"medium":["https:\/\/comitefetesmeteren.fr\/wp-content\/uploads\/2019\/08\/verger.jpg",200,200,false],"medium_large":["https:\/\/comitefetesmeteren.fr\/wp-content\/uploads\/2019\/08\/verger.jpg",200,200,false],"large":["https:\/\/comitefetesmeteren.fr\/wp-content\/uploads\/2019\/08\/verger.jpg",200,200,false],"1536x1536":["https:\/\/comitefetesmeteren.fr\/wp-content\/uploads\/2019\/08\/verger.jpg",200,200,false],"2048x2048":["https:\/\/comitefetesmeteren.fr\/wp-content\/uploads\/2019\/08\/verger.jpg",200,200,false],"synapse-sq-thumb":["https:\/\/comitefetesmeteren.fr\/wp-content\/uploads\/2019\/08\/verger.jpg",200,200,false],"synapse-overlap-thumb":["https:\/\/comitefetesmeteren.fr\/wp-content\/uploads\/2019\/08\/verger.jpg",200,200,false],"synapse-thumb":["https:\/\/comitefetesmeteren.fr\/wp-content\/uploads\/2019\/08\/verger.jpg",200,200,false],"synapse-pop-thumb":["https:\/\/comitefetesmeteren.fr\/wp-content\/uploads\/2019\/08\/verger.jpg",200,200,false]},"uagb_author_info":{"display_name":"Admin","author_link":"https:\/\/comitefetesmeteren.fr\/index.php\/author\/stephanie\/"},"uagb_comment_info":1,"uagb_excerpt":"Le 21 SEPTEMBRE 2019 sera une journ\u00e9e plac\u00e9e sous le signe du patrimoine agricole et traditionnel Le comit\u00e9 des f\u00eates et l&rsquo;association Atout...","post_mailing_queue_ids":[],"_links":{"self":[{"href":"https:\/\/comitefetesmeteren.fr\/index.php\/wp-json\/wp\/v2\/posts\/1844"}],"collection":[{"href":"https:\/\/comitefetesmeteren.fr\/index.php\/wp-json\/wp\/v2\/posts"}],"about":[{"href":"https:\/\/comitefetesmeteren.fr\/index.php\/wp-json\/wp\/v2\/types\/post"}],"author":[{"embeddable":true,"href":"https:\/\/comitefetesmeteren.fr\/index.php\/wp-json\/wp\/v2\/users\/1"}],"replies":[{"embeddable":true,"href":"https:\/\/comitefetesmeteren.fr\/index.php\/wp-json\/wp\/v2\/comments?post=1844"}],"version-history":[{"count":5,"href":"https:\/\/comitefetesmeteren.fr\/index.php\/wp-json\/wp\/v2\/posts\/1844\/revisions"}],"predecessor-version":[{"id":1852,"href":"https:\/\/comitefetesmeteren.fr\/index.php\/wp-json\/wp\/v2\/posts\/1844\/revisions\/1852"}],"wp:featuredmedia":[{"embeddable":true,"href":"https:\/\/comitefetesmeteren.fr\/index.php\/wp-json\/wp\/v2\/media\/1851"}],"wp:attachment":[{"href":"https:\/\/comitefetesmeteren.fr\/index.php\/wp-json\/wp\/v2\/media?parent=1844"}],"wp:term":[{"taxonomy":"category","embeddable":true,"href":"https:\/\/comitefetesmeteren.fr\/index.php\/wp-json\/wp\/v2\/categories?post=1844"},{"taxonomy":"post_tag","embeddable":true,"href":"https:\/\/comitefetesmeteren.fr\/index.php\/wp-json\/wp\/v2\/tags?post=1844"}],"curies":[{"name":"wp","href":"https:\/\/api.w.org\/{rel}","templated":true}]}}