{"id":3632,"date":"2026-03-13T11:55:39","date_gmt":"2026-03-13T10:55:39","guid":{"rendered":"https:\/\/comitefetesmeteren.fr\/?p=3632"},"modified":"2026-04-05T09:30:48","modified_gmt":"2026-04-05T07:30:48","slug":"chasse-aux-oeufs","status":"publish","type":"post","link":"https:\/\/comitefetesmeteren.fr\/index.php\/2026\/03\/13\/chasse-aux-oeufs\/","title":{"rendered":"Chasse aux oeufs"},"content":{"rendered":"<p data-start=\"151\" data-end=\"340\">\ud83d\udc23 Chasse aux oeufs \ud83d\udc23<\/p>\n<p class=\"\" data-start=\"151\" data-end=\"340\">\ud83d\udcc5 <strong data-start=\"218\" data-end=\"244\">Mercredi 8 avril 2026<\/strong><br data-start=\"244\" data-end=\"247\">\ud83d\udd5d De <strong data-start=\"253\" data-end=\"270\">14h30 \u00e0 16h30<\/strong> (ouverture des portes \u00e0 14h)<br data-start=\"299\" data-end=\"302\">\ud83d\udccd \u00c0 la <strong data-start=\"310\" data-end=\"340\">salle des f\u00eates de M\u00e9teren<\/strong><\/p>\n<p class=\"\" data-start=\"342\" data-end=\"534\">Une chasse aux \u0153ufs pas comme les autres vous attend. Et pour bien terminer l\u2019apr\u00e8s-midi, un <strong data-start=\"486\" data-end=\"496\">go\u00fbter<\/strong> sera offert aux petits chasseurs \ud83c\udf6a\ud83c\udf6b<\/p>\n<p class=\"\" data-start=\"536\" data-end=\"653\">\ud83c\udf9f <strong data-start=\"539\" data-end=\"581\">Gratuit mais inscription obligatoire !<\/strong><br data-start=\"581\" data-end=\"584\">\ud83d\udc49 Elle est indispensable pour participer \u00e0 la chasse et au go\u00fbter.<\/p>\n<p class=\"\" data-start=\"483\" data-end=\"553\">\ud83d\udc49 Comment s\u2019inscrire ?<\/p>\n<ul>\n<li data-start=\"556\" data-end=\"629\">Via le \u00ab\u00a0formulaire flyer\u00a0\u00bb distribu\u00e9 dans les \u00e9coles ou disponible \u00e0 la Mairie. Le formulaire d&rsquo;inscription est \u00e0 d\u00e9poser \u00e0 la Mairie, dans l&rsquo;urne pr\u00e9vue \u00e0 cet effet.<\/li>\n<li class=\"\" data-start=\"630\" data-end=\"821\">\n<p class=\"\" data-start=\"632\" data-end=\"821\">Via le formulaire en ligne.<\/p>\n<\/li>\n<\/ul>\n<p class=\"\" data-start=\"655\" data-end=\"819\">\u26a0\ufe0f <strong data-start=\"658\" data-end=\"744\">\u00c9v\u00e8nement r\u00e9serv\u00e9 aux enfants m\u00e9terennois ou scolaris\u00e9s \u00e0 M\u00e9teren, jusqu\u2019\u00e0 12 ans.<\/strong><br data-start=\"744\" data-end=\"747\">\ud83d\udc68\u200d\ud83d\udc69\u200d\ud83d\udc67\u200d\ud83d\udc66 Les enfants restent sous la responsabilit\u00e9 de leurs parents.<\/p>\n<p class=\"\" data-start=\"821\" data-end=\"889\">\ud83c\udf89 Venez vivre un moment convivial, amusant et gourmand en famille !<\/p>\n","protected":false},"excerpt":{"rendered":"<p>\ud83d\udc23 Chasse aux oeufs \ud83d\udc23 \ud83d\udcc5 Mercredi 8 avril 2026\ud83d\udd5d De 14h30 \u00e0 16h30 (ouverture des portes \u00e0 14h)\ud83d\udccd \u00c0 la salle des&#8230;<\/p>\n","protected":false},"author":1,"featured_media":3633,"comment_status":"open","ping_status":"open","sticky":false,"template":"","format":"aside","meta":{"_uag_custom_page_level_css":"","ngg_post_thumbnail":0,"footnotes":""},"categories":[49],"tags":[100],"uagb_featured_image_src":{"full":["https:\/\/comitefetesmeteren.fr\/wp-content\/uploads\/2026\/03\/Affiche-chasse-aux-oeufs-2026-pdf.jpg",2116,2993,true],"thumbnail":["https:\/\/comitefetesmeteren.fr\/wp-content\/uploads\/2026\/03\/Affiche-chasse-aux-oeufs-2026-pdf-106x150.jpg",106,150,true],"medium":["https:\/\/comitefetesmeteren.fr\/wp-content\/uploads\/2026\/03\/Affiche-chasse-aux-oeufs-2026-pdf-212x300.jpg",212,300,true],"medium_large":["https:\/\/comitefetesmeteren.fr\/wp-content\/uploads\/2026\/03\/Affiche-chasse-aux-oeufs-2026-pdf.jpg",640,905,false],"large":["https:\/\/comitefetesmeteren.fr\/wp-content\/uploads\/2026\/03\/Affiche-chasse-aux-oeufs-2026-pdf-724x1024.jpg",640,905,true],"1536x1536":["https:\/\/comitefetesmeteren.fr\/wp-content\/uploads\/2026\/03\/Affiche-chasse-aux-oeufs-2026-pdf.jpg",1086,1536,false],"2048x2048":["https:\/\/comitefetesmeteren.fr\/wp-content\/uploads\/2026\/03\/Affiche-chasse-aux-oeufs-2026-pdf.jpg",1448,2048,false],"synapse-sq-thumb":["https:\/\/comitefetesmeteren.fr\/wp-content\/uploads\/2026\/03\/Affiche-chasse-aux-oeufs-2026-pdf.jpg",424,600,false],"synapse-overlap-thumb":["https:\/\/comitefetesmeteren.fr\/wp-content\/uploads\/2026\/03\/Affiche-chasse-aux-oeufs-2026-pdf.jpg",283,400,false],"synapse-thumb":["https:\/\/comitefetesmeteren.fr\/wp-content\/uploads\/2026\/03\/Affiche-chasse-aux-oeufs-2026-pdf.jpg",318,450,false],"synapse-pop-thumb":["https:\/\/comitefetesmeteren.fr\/wp-content\/uploads\/2026\/03\/Affiche-chasse-aux-oeufs-2026-pdf.jpg",240,340,false]},"uagb_author_info":{"display_name":"Admin","author_link":"https:\/\/comitefetesmeteren.fr\/index.php\/author\/stephanie\/"},"uagb_comment_info":1,"uagb_excerpt":"\ud83d\udc23 Chasse aux oeufs \ud83d\udc23 \ud83d\udcc5 Mercredi 8 avril 2026\ud83d\udd5d De 14h30 \u00e0 16h30 (ouverture des portes \u00e0 14h)\ud83d\udccd \u00c0 la salle des...","post_mailing_queue_ids":[],"_links":{"self":[{"href":"https:\/\/comitefetesmeteren.fr\/index.php\/wp-json\/wp\/v2\/posts\/3632"}],"collection":[{"href":"https:\/\/comitefetesmeteren.fr\/index.php\/wp-json\/wp\/v2\/posts"}],"about":[{"href":"https:\/\/comitefetesmeteren.fr\/index.php\/wp-json\/wp\/v2\/types\/post"}],"author":[{"embeddable":true,"href":"https:\/\/comitefetesmeteren.fr\/index.php\/wp-json\/wp\/v2\/users\/1"}],"replies":[{"embeddable":true,"href":"https:\/\/comitefetesmeteren.fr\/index.php\/wp-json\/wp\/v2\/comments?post=3632"}],"version-history":[{"count":2,"href":"https:\/\/comitefetesmeteren.fr\/index.php\/wp-json\/wp\/v2\/posts\/3632\/revisions"}],"predecessor-version":[{"id":3646,"href":"https:\/\/comitefetesmeteren.fr\/index.php\/wp-json\/wp\/v2\/posts\/3632\/revisions\/3646"}],"wp:featuredmedia":[{"embeddable":true,"href":"https:\/\/comitefetesmeteren.fr\/index.php\/wp-json\/wp\/v2\/media\/3633"}],"wp:attachment":[{"href":"https:\/\/comitefetesmeteren.fr\/index.php\/wp-json\/wp\/v2\/media?parent=3632"}],"wp:term":[{"taxonomy":"category","embeddable":true,"href":"https:\/\/comitefetesmeteren.fr\/index.php\/wp-json\/wp\/v2\/categories?post=3632"},{"taxonomy":"post_tag","embeddable":true,"href":"https:\/\/comitefetesmeteren.fr\/index.php\/wp-json\/wp\/v2\/tags?post=3632"}],"curies":[{"name":"wp","href":"https:\/\/api.w.org\/{rel}","templated":true}]}}